{"id":9100,"date":"2008-04-17T11:59:36","date_gmt":"2008-04-17T09:59:36","guid":{"rendered":"https:\/\/deustokom.deusto.es\/uncategorized-eu\/entrevista-lluis-rodriguez-pi-cadena-ser"},"modified":"2021-03-11T13:45:21","modified_gmt":"2021-03-11T12:45:21","slug":"entrevista-lluis-rodriguez-pi-cadena-ser","status":"publish","type":"post","link":"https:\/\/deustokom.news\/eu\/deustoirratia-eu\/entrevista-lluis-rodriguez-pi-cadena-ser","title":{"rendered":"Entrevista a Llu\u00eds Rodriguez P\u00ed, adjunto a la direcci\u00f3n de Cadena SER"},"content":{"rendered":"<p><!--<a href=\"https:\/\/deustokom.deusto.es\/wp-content\/uploads\/2008\/04\/luis-rodriguez-pi-edit.jpg\"><img loading=\"lazy\" decoding=\"async\" class=\"alignright alignnone size-medium wp-image-7984\" src=\"https:\/\/deustokom.deusto.es\/wp-content\/uploads\/2008\/04\/luis-rodriguez-pi-edit.jpg\" alt=\"\" width=\"300\" height=\"209\"><\/a>\n\n--><strong>\u201cLa radio ha perdido credibilidad al entrar en las guerras de los grupos de comunicaci\u00f3n\u201d<\/strong><\/p>\n<p>Adjunto a la direcci\u00f3n de la <a title=\"Cadena SER\" href=\"http:\/\/www.cadenaser.com\/\">Cadena SER<\/a> y ex director adjunto del programa <a title=\"Hoy Por Hoy\" href=\"http:\/\/www.cadenaser.com\/hoy-por-hoy\/\">Hoy por Hoy<\/a>, Llu\u00eds Rodr\u00edguez Pi (Barcelona, 1960) ha sido tambi\u00e9n director de informativos y contenidos de la Cadena SER en Catalunya y profesor de la Facultad de Informaci\u00f3n en la <a title=\"Universidad Aut\u00f3noma de Barcelona\" href=\"http:\/\/www.uab.es\/\">Universidad Aut\u00f3noma de Barcelona<\/a>. Llu\u00eds, cr\u00edtico con la realidad de la radio hoy en Espa\u00f1a, reivindica la informaci\u00f3n dicha y el titular imaginativo. A pocas horas de terminar el seminario que ha impartido durante los \u00faltimos d\u00edas en Deusto, desear\u00eda que los alumnos de <a title=\"HUCO\" href=\"http:\/\/huco.deusto.es\/\">Humanidades y Comunicaci\u00f3n<\/a> se quedasen, sobre todo, con una idea: eficacia comunicativa.<\/p>\n<p><strong>Ha destacado este concepto por encima de cualquier otro.<\/strong><\/p>\n<p>Es esencial. De hecho, todo el trabajo que se haya hecho previamente no sirve en caso de que no se logre. La radio es un medio en el que el receptor puede ser extraordinariamente cruel. Si no has captado la atenci\u00f3n del oyente, si no eres capaz de retenerlo, te conviertes en un ruido para \u00e9l.<\/p>\n<p><!--more--><\/p>\n<p><strong>La radio sirve de cantera para la televisi\u00f3n. \u00bfHasta qu\u00e9 punto es esto bueno?<\/strong><\/p>\n<p>La televisi\u00f3n se nutre de la radio, pero radio y televisi\u00f3n son mundos completamente distintos en cuanto a su lenguaje. No obstante, estamos asistiendo a un fen\u00f3meno a la inversa; los tres \u00faltimos profesionales que se han incorporado a la SER como conductores de programas (Carles Francino, \u00c0ngels Barcel\u00f3 y Montserrat Dom\u00ednguez) provienen de la televisi\u00f3n, las facultades ya no nos abastecen. El medio radiof\u00f3nico no es demasiado atractivo para desarrollar una larga carrera profesional. Tal vez esto explique las altas cuotas de amateurismo que se dan en la radio que, en consecuencia, dificulta mucho el desarrollo de habilidades de los profesionales. La radio pierde a mucha gente en beneficio de los gabinetes de prensa; mejores horarios y mejores sueldos. Por todo ello, hoy se aprecia una renuncia en toda regla al ejercicio del periodismo radiof\u00f3nico.<\/p>\n<p><strong>La prensa escrita est\u00e1 en crisis; \u00bftambi\u00e9n la radio?<\/strong><\/p>\n<p>No, la radio subsiste. Es verdad que han surgido nuevos competidores. El car\u00e1cter de inmediatez ya no es exclusivo de la radio, que antes estaba sola en ese terreno. Pero a la radio la han matado ya varias veces y a pesar de todo es el medio m\u00e1s dom\u00e9stico que tenemos hoy, por encima de la televisi\u00f3n.<\/p>\n<p><strong>\u00bfSe ha visto beneficiada la radio del desprestigio de la televisi\u00f3n?<\/strong><\/p>\n<p>Hace alg\u00fan tiempo s\u00ed, pero ya no. La radio ha perdido credibilidad en el momento en que ha entrado en las guerras de los grupos de comunicaci\u00f3n. Esto ha causado un posicionamiento de <em>conmigo o contra m\u00ed<\/em> que ha da\u00f1ado mucho al medio. En el caso de Espa\u00f1a, tiene mucho que ver lo que ha sucedido pol\u00edticamente en los \u00faltimos a\u00f1os, es decir; la entrada de los neocon. El pa\u00eds se ha dividido en todos los sentidos; camisetas azules contra camisetas rojas.<\/p>\n<p><strong>Sostiene que los medios fabrican la noticia. \u00bfPuede fabricarse tambi\u00e9n la estrella de radio?<\/strong><\/p>\n<p>Imposible. Ser estrella en la radio es una cuesti\u00f3n de suerte, pero yo defino suerte como preparaci\u00f3n m\u00e1s oportunidad. La estrella de radio se construye con el tiempo. No hay estrellas de un d\u00eda para otro y tampoco se pueden crear. A diferencia de la televisi\u00f3n, la radio es un medio de largo recorrido. Tenemos el caso del fallecido Carlos Llamas, por ejemplo. Lo recuerdo cuando nadie lo conoc\u00eda, haciendo informativos en Radio El Pa\u00eds. Tuvo su oportunidad con <a title=\"Hora 25\" href=\"http:\/\/www.cadenaser.com\/hora-25\/\">Hora 25<\/a> y supo aprovecharla. A Carlos le cost\u00f3 mucho en los primeros a\u00f1os, porque la gente es de costumbres y le costo hacerse a \u00e9l, pero poco a poco se fue haciendo sitio. La radio exige tiempo, pero tambi\u00e9n se le da; no se retira un programa a la semana de empezar, como sucede con la televisi\u00f3n<\/p>\n<p><strong>Cuando un locutor se empieza a gustar, \u00bfes donde empiezan los problemas?<\/strong><\/p>\n<p>Hay un libro de Josep Mar\u00eda Mart\u00ed que se titula <em>Estrellas, estrellitas y estrellados <\/em>que explica d\u00f3nde radica el problema. La radio no tiene la presi\u00f3n del share que tiene la televisi\u00f3n. Permite y acepta el error mucho m\u00e1s que \u00e9sta o que un diario escrito. Pero ojo; la radio es un medio que requiere mucha constancia y trabajo, nadie vive aqu\u00ed de su cara bonita. Hay quien ha confundido la radio con la televisi\u00f3n y por eso se ha quedado en la cuneta.<\/p>\n<p><strong>\u00bfLe damos demasiado valor a la voz?<\/strong><\/p>\n<p>Se le da una importancia que no se corresponde con la realidad. Hay profesionales que no tienen una voz muy timbrada pero que saben comunicar, por eso triunfan. Todo eso de la voz grave que primaba hace d\u00e9cadas ya ha pasado a mejor vida en beneficio del comunicador. Pero tambi\u00e9n se le da demasiada importancia al no equivocarse nunca. Hay locutores tan concentrados en evitar tropezarse que se olvidan de comunicar.<\/p>\n<p><strong>Para comunicar en radio es necesario el ritmo, y para que \u00e9ste exista deben hacerse pausas. Sin embargo, el locutor novel teme hacerlas. \u00bfPor qu\u00e9 sucede esto?<\/strong><\/p>\n<p>Por falta de seguridad. A medida que uno le coge la medida al oficio aprende a dominar la pausa y tambi\u00e9n el silencio, recursos \u00fatiles que contienen tanta informaci\u00f3n como la palabra o m\u00e1s. En la actualidad, se tiende a identificar silencio con error. Es una gran equivocaci\u00f3n.<\/p>\n<p><strong>\u00bfEs la cantinela uno de los principales problemas en la radio actual?<\/strong><\/p>\n<p>Sin duda. Pero yo la cantinela no la entiendo, ni siquiera es natural. Imaginemos una obra de teatro en la que el actor hablase todo el rato con cantinela. Todo el mundo se reir\u00eda, \u00bfno? Una persona que habla con cantinela es que no entiende nada de lo que estamos hablando al tratar la comunicaci\u00f3n.<\/p>\n<p><strong>\u00bfPor qu\u00e9 se produce?<\/strong><\/p>\n<p>Porque se mimetizan actitudes y comportamientos comunicativos de otros, que es lo peor que se puede hacer. Imitar a otro no es comunicar.<\/p>\n<p><strong>\u00bfEl objetivo del comunicador es llevar a lo simple algo complicado?<\/strong><\/p>\n<p>Puede ser. Hay un maestro del periodismo, Tom Wolf, que reivindica la frase corta; el punto y seguido. En el caso de la radio, la gente se olvida a veces de que est\u00e1 escribiendo para decir. Es un error descomunal. El gran problema de mucha gente de este medio es que escribe para s\u00ed mismo.<\/p>\n<p><strong>\u00bfC\u00f3mo se despedir\u00e1 de los alumnos esta tarde?<\/strong><\/p>\n<p>Ha sido un buen seminario; todos han estado atentos y han puesto mucho inter\u00e9s en los ejercicios pr\u00e1cticos. Pero tambi\u00e9n he visto un gran desconocimiento del medio, no s\u00f3lo aqu\u00ed, es algo generalizado entre los estudiantes de comunicaci\u00f3n. Les dir\u00e9 que se lo tomen muy en serio. Las oportunidades llegar\u00e1n, y no ser\u00e1 solo una, habr\u00e1 varias, pero no deben quedarse esperando. Actualmente hay un gran problema de desconocimiento y de falta de vocaci\u00f3n. La radio, como otros medios, deber\u00e1 introducir cambios, y los cambios siempre deben intentarse desde dentro. Quiero decir que ser\u00e1n los mismos profesionales los que propiciar\u00e1n la evoluci\u00f3n del medio, pero para eso es necesario conocerlo bien. La radio necesita y busca talento y deber\u00eda encontrarlo en las oportunidades a las que me refer\u00eda. Insistir\u00e9 a los estudiantes en que a la radio, como a los medios en general, no se puede ir a empatar.<\/p>\n","protected":false},"excerpt":{"rendered":"<div class=\"mh-excerpt\"><p>\u201cLa radio ha perdido credibilidad al entrar en las guerras de los grupos de comunicaci\u00f3n\u201d Adjunto a la direcci\u00f3n de la Cadena SER y ex director adjunto del programa Hoy por Hoy, Llu\u00eds Rodr\u00edguez Pi <a class=\"mh-excerpt-more\" href=\"https:\/\/deustokom.news\/eu\/deustoirratia-eu\/entrevista-lluis-rodriguez-pi-cadena-ser\" title=\"Entrevista a Llu\u00eds Rodriguez P\u00ed, adjunto a la direcci\u00f3n de Cadena SER\">[&#8230;]<\/a><\/p>\n<\/div>","protected":false},"author":4,"featured_media":0,"comment_status":"open","ping_status":"closed","sticky":false,"template":"","format":"standard","meta":{"_acf_changed":false,"_ef_editorial_meta_date_first-draft-date":"","_ef_editorial_meta_paragraph_assignment":"","_ef_editorial_meta_checkbox_needs-photo":"","_ef_editorial_meta_number_word-count":"","footnotes":""},"categories":[1634],"tags":[2025,2113,2026],"coauthors":[1975],"class_list":{"0":"post-9100","1":"post","2":"type-post","3":"status-publish","4":"format-standard","6":"category-deustoirratia-eu","7":"tag-cadena-ser-eu","8":"tag-elkarrizketa","9":"tag-taller-de-radio-eu"},"acf":[],"jetpack_featured_media_url":"","_links":{"self":[{"href":"https:\/\/deustokom.news\/eu\/wp-json\/wp\/v2\/posts\/9100","targetHints":{"allow":["GET"]}}],"collection":[{"href":"https:\/\/deustokom.news\/eu\/wp-json\/wp\/v2\/posts"}],"about":[{"href":"https:\/\/deustokom.news\/eu\/wp-json\/wp\/v2\/types\/post"}],"author":[{"embeddable":true,"href":"https:\/\/deustokom.news\/eu\/wp-json\/wp\/v2\/users\/4"}],"replies":[{"embeddable":true,"href":"https:\/\/deustokom.news\/eu\/wp-json\/wp\/v2\/comments?post=9100"}],"version-history":[{"count":2,"href":"https:\/\/deustokom.news\/eu\/wp-json\/wp\/v2\/posts\/9100\/revisions"}],"predecessor-version":[{"id":9748,"href":"https:\/\/deustokom.news\/eu\/wp-json\/wp\/v2\/posts\/9100\/revisions\/9748"}],"wp:attachment":[{"href":"https:\/\/deustokom.news\/eu\/wp-json\/wp\/v2\/media?parent=9100"}],"wp:term":[{"taxonomy":"category","embeddable":true,"href":"https:\/\/deustokom.news\/eu\/wp-json\/wp\/v2\/categories?post=9100"},{"taxonomy":"post_tag","embeddable":true,"href":"https:\/\/deustokom.news\/eu\/wp-json\/wp\/v2\/tags?post=9100"},{"taxonomy":"author","embeddable":true,"href":"https:\/\/deustokom.news\/eu\/wp-json\/wp\/v2\/coauthors?post=9100"}],"curies":[{"name":"wp","href":"https:\/\/api.w.org\/{rel}","templated":true}]}}